{"id":24995,"date":"2020-03-16T14:42:16","date_gmt":"2020-03-16T14:42:16","guid":{"rendered":"https:\/\/www.casa-and-co.com\/?p=24995"},"modified":"2020-03-18T15:18:10","modified_gmt":"2020-03-18T15:18:10","slug":"playas-santanyi-mallorca","status":"publish","type":"post","link":"https:\/\/www.casa-and-co.com\/es\/playas-santanyi-mallorca\/","title":{"rendered":"Las calas y playas de Santany\u00ed m\u00e1s hermosas del sureste de Mallorca"},"content":{"rendered":"<p class=\"p1\"><span class=\"s1\"><strong>Calas y playas de Santany\u00ed.<\/strong> La zona costera de Santany\u00ed es una aut\u00e9ntica gozada para los amantes de las playas de aguas cristalinas. Es una zona llena de calas v\u00edrgenes y acantilados de pel\u00edcula. Con m\u00e1s de 35 kil\u00f3metros de costa, los alrededores de este municipio del Migjorn acogen un para\u00edso de playa y naturaleza frente al que resulta imposible no caer rendido. <\/span><\/p>\n<p class=\"p1\"><span class=\"s1\">Tener acceso a estas <strong>maravillas mediterr\u00e1neas<\/strong> desde una<a href=\"https:\/\/www.casa-and-co.com\/es\/\"> <span class=\"s2\">finca en Santany\u00ed, una casa antigua de piedra o un coqueto apartamento<\/span><\/a> en la zona garantiza experimentar sensaciones que nunca se olvidan.<\/span><\/p>\n<p class=\"p1\"><span class=\"s1\">Desde Casa&amp;Co<a href=\"https:\/\/www.casa-and-co.com\/es\/contacto\/\"> <span class=\"s2\">Inmobiliaria Santany\u00ed<\/span><\/a>, especializada en propiedades en venta en Santany\u00ed, te acercamos a la belleza de algunos de sus rincones. Atr\u00e9vete a disfrutarlos de manera privilegiada eligiendo algunas de las viviendas en venta en Santany\u00ed que encontrar\u00e1s en nuestro portfolio.<\/span><\/p>\n<h2 class=\"p1\"><span class=\"s1\">Cala S\u2019Almuina: pintorescas casas de pescadores<\/span><\/h2>\n<p class=\"p1\"><span class=\"s1\">Esta peque\u00f1a cala de arena y rocas se localiza cerca de la urbanizaci\u00f3n de Cala Llombards (Santany\u00ed). En ella, un espectacular embarcadero tallado por el viento y el mar preside un fondo marino de gran delicadeza, que la convierte en uno de los enclaves m\u00e1s deseados para practicar buceo en Mallorca. <\/span><\/p>\n<p class=\"p1\"><span class=\"s1\">Otro de sus mayores encantos son las antiguas casetas de pescadores, que le otorgan una se\u00f1a de identidad propia. Se puede acceder a pie desde Cala Llombards o bien en autob\u00fas desde Santany\u00ed.<\/span><\/p>\n<h2 class=\"p1\"><span class=\"s1\">Cala des Moro: pinos y acantilados rocosos<\/span><\/h2>\n<p class=\"p1\"><span class=\"s1\">El Cal\u00f3 des Moro es una cala situada junto a las casas de Sa Comuna. \u00bfCu\u00e1l es el mayor atractivo de esta cala? Pues, sobre todo, sus aguas cristalinas aunque tambi\u00e9n sorprenden los paisajes de pinos y de acantilados rocosos que la rodean. <\/span><\/p>\n<p class=\"p1\"><span class=\"s1\">El acceso a Cal\u00f3 des Moro se inicia a 1 kil\u00f3metro del principio de la carretera que conduce hacia Cala S\u2019Almuina. Una vez all\u00ed, el trayecto hacia la cala se contin\u00faa a pie unos 400 metros de sendero, salvando un desnivel muy pronunciado. <\/span><\/p>\n<h2 class=\"p1\"><span class=\"s1\">Cala Llombards: la belleza de Es Pont\u00e0s<\/span><\/h2>\n<p class=\"p1\"><span class=\"s1\">Esta playa de hermosas aguas transparentes y arena blanca, situada en Es LLombards y a tan solo 7 kil\u00f3metros de Santany\u00ed, es uno de los reclamos tur\u00edsticos principales de los alrededores. Su nota m\u00e1s caracter\u00edstica se la da el llamado Es Pont\u00e0s. <\/span><\/p>\n<p class=\"p1\"><span class=\"s1\">Es Pont\u00e0s es un peque\u00f1o islote en forma de arco que se alza como un puente en medio del mar. Y, aunque ocupa una extensi\u00f3n de solo 55 metros de largo, su parte trasera alcanza una profundidad de unos 150 metros entre zonas rocosas y abruptos acantilados. Es una una de las playas preferidas por los alemanes.<\/span><\/p>\n","protected":false},"excerpt":{"rendered":"<p>Calas y playas de Santany\u00ed. La zona costera de Santany\u00ed es una aut\u00e9ntica gozada para los amantes de las playas de aguas cristalinas. Es una zona llena de calas v\u00edrgenes y acantilados de pel\u00edcula. Con m\u00e1s de 35 kil\u00f3metros de costa, los alrededores de este municipio del Migjorn acogen un para\u00edso de playa y naturaleza [&hellip;]<\/p>\n","protected":false},"author":1,"featured_media":24395,"comment_status":"open","ping_status":"open","sticky":false,"template":"","format":"standard","meta":{"footnotes":""},"categories":[409],"tags":[],"class_list":["post-24995","post","type-post","status-publish","format-standard","has-post-thumbnail","hentry","category-playas-de-santanyi"],"yoast_head":"<!-- This site is optimized with the Yoast SEO plugin v26.9 - https:\/\/yoast.com\/product\/yoast-seo-wordpress\/ -->\n<title>Playas Santany\u00ed | Calas de Santany\u00ed | Casa &amp; Co Inmobiliaria Mallorca<\/title>\n<meta name=\"description\" content=\"Con m\u00e1s de 35 kil\u00f3metros de costa, las playas de santany\u00ed son algunas de las m\u00e1s hermosas de Mallorca. Te contamos cu\u00e1les.\" \/>\n<meta name=\"robots\" content=\"index, follow, max-snippet:-1, max-image-preview:large, max-video-preview:-1\" \/>\n<link rel=\"canonical\" href=\"https:\/\/www.casa-and-co.com\/es\/playas-santanyi-mallorca\/\" \/>\n<meta property=\"og:locale\" content=\"es_ES\" \/>\n<meta property=\"og:type\" content=\"article\" \/>\n<meta property=\"og:title\" content=\"Playas Santany\u00ed | Calas de Santany\u00ed | Casa &amp; Co Inmobiliaria Mallorca\" \/>\n<meta property=\"og:description\" content=\"Con m\u00e1s de 35 kil\u00f3metros de costa, las playas de santany\u00ed son algunas de las m\u00e1s hermosas de Mallorca. Te contamos cu\u00e1les.\" \/>\n<meta property=\"og:url\" content=\"https:\/\/www.casa-and-co.com\/es\/playas-santanyi-mallorca\/\" \/>\n<meta property=\"og:site_name\" content=\"Casa and Co\" \/>\n<meta property=\"article:published_time\" content=\"2020-03-16T14:42:16+00:00\" \/>\n<meta property=\"article:modified_time\" content=\"2020-03-18T15:18:10+00:00\" \/>\n<meta property=\"og:image\" content=\"https:\/\/www.casa-and-co.com\/wp-content\/uploads\/2020\/01\/07P6170003.jpg\" \/>\n\t<meta property=\"og:image:width\" content=\"1200\" \/>\n\t<meta property=\"og:image:height\" content=\"675\" \/>\n\t<meta property=\"og:image:type\" content=\"image\/jpeg\" \/>\n<meta name=\"author\" content=\"Casa&amp;co\" \/>\n<meta name=\"twitter:card\" content=\"summary_large_image\" \/>\n<meta name=\"twitter:label1\" content=\"Escrito por\" \/>\n\t<meta name=\"twitter:data1\" content=\"Casa&amp;co\" \/>\n\t<meta name=\"twitter:label2\" content=\"Tiempo de lectura\" \/>\n\t<meta name=\"twitter:data2\" content=\"2 minutos\" \/>\n<script type=\"application\/ld+json\" class=\"yoast-schema-graph\">{\"@context\":\"https:\/\/schema.org\",\"@graph\":[{\"@type\":\"Article\",\"@id\":\"https:\/\/www.casa-and-co.com\/es\/playas-santanyi-mallorca\/#article\",\"isPartOf\":{\"@id\":\"https:\/\/www.casa-and-co.com\/es\/playas-santanyi-mallorca\/\"},\"author\":{\"name\":\"Casa&amp;co\",\"@id\":\"https:\/\/www.casa-and-co.com\/es\/#\/schema\/person\/c5fae747b0d24de8e50c1e22e6df9198\"},\"headline\":\"Las calas y playas de Santany\u00ed m\u00e1s hermosas del sureste de Mallorca\",\"datePublished\":\"2020-03-16T14:42:16+00:00\",\"dateModified\":\"2020-03-18T15:18:10+00:00\",\"mainEntityOfPage\":{\"@id\":\"https:\/\/www.casa-and-co.com\/es\/playas-santanyi-mallorca\/\"},\"wordCount\":461,\"commentCount\":0,\"publisher\":{\"@id\":\"https:\/\/www.casa-and-co.com\/es\/#organization\"},\"image\":{\"@id\":\"https:\/\/www.casa-and-co.com\/es\/playas-santanyi-mallorca\/#primaryimage\"},\"thumbnailUrl\":\"https:\/\/www.casa-and-co.com\/wp-content\/uploads\/2020\/01\/07P6170003.jpg\",\"articleSection\":[\"Playas de Santany\u00ed\"],\"inLanguage\":\"es\"},{\"@type\":\"WebPage\",\"@id\":\"https:\/\/www.casa-and-co.com\/es\/playas-santanyi-mallorca\/\",\"url\":\"https:\/\/www.casa-and-co.com\/es\/playas-santanyi-mallorca\/\",\"name\":\"Playas Santany\u00ed | Calas de Santany\u00ed | Casa & Co Inmobiliaria Mallorca\",\"isPartOf\":{\"@id\":\"https:\/\/www.casa-and-co.com\/es\/#website\"},\"primaryImageOfPage\":{\"@id\":\"https:\/\/www.casa-and-co.com\/es\/playas-santanyi-mallorca\/#primaryimage\"},\"image\":{\"@id\":\"https:\/\/www.casa-and-co.com\/es\/playas-santanyi-mallorca\/#primaryimage\"},\"thumbnailUrl\":\"https:\/\/www.casa-and-co.com\/wp-content\/uploads\/2020\/01\/07P6170003.jpg\",\"datePublished\":\"2020-03-16T14:42:16+00:00\",\"dateModified\":\"2020-03-18T15:18:10+00:00\",\"description\":\"Con m\u00e1s de 35 kil\u00f3metros de costa, las playas de santany\u00ed son algunas de las m\u00e1s hermosas de Mallorca. Te contamos cu\u00e1les.\",\"breadcrumb\":{\"@id\":\"https:\/\/www.casa-and-co.com\/es\/playas-santanyi-mallorca\/#breadcrumb\"},\"inLanguage\":\"es\",\"potentialAction\":[{\"@type\":\"ReadAction\",\"target\":[\"https:\/\/www.casa-and-co.com\/es\/playas-santanyi-mallorca\/\"]}]},{\"@type\":\"ImageObject\",\"inLanguage\":\"es\",\"@id\":\"https:\/\/www.casa-and-co.com\/es\/playas-santanyi-mallorca\/#primaryimage\",\"url\":\"https:\/\/www.casa-and-co.com\/wp-content\/uploads\/2020\/01\/07P6170003.jpg\",\"contentUrl\":\"https:\/\/www.casa-and-co.com\/wp-content\/uploads\/2020\/01\/07P6170003.jpg\",\"width\":1200,\"height\":675,\"caption\":\"playas santany\u00ed\"},{\"@type\":\"BreadcrumbList\",\"@id\":\"https:\/\/www.casa-and-co.com\/es\/playas-santanyi-mallorca\/#breadcrumb\",\"itemListElement\":[{\"@type\":\"ListItem\",\"position\":1,\"name\":\"Portada\",\"item\":\"https:\/\/www.casa-and-co.com\/es\/\"},{\"@type\":\"ListItem\",\"position\":2,\"name\":\"Las calas y playas de Santany\u00ed m\u00e1s hermosas del sureste de Mallorca\"}]},{\"@type\":\"WebSite\",\"@id\":\"https:\/\/www.casa-and-co.com\/es\/#website\",\"url\":\"https:\/\/www.casa-and-co.com\/es\/\",\"name\":\"Casa and Co\",\"description\":\"Real Estate - Santany\u00ed - Mallorca\",\"publisher\":{\"@id\":\"https:\/\/www.casa-and-co.com\/es\/#organization\"},\"potentialAction\":[{\"@type\":\"SearchAction\",\"target\":{\"@type\":\"EntryPoint\",\"urlTemplate\":\"https:\/\/www.casa-and-co.com\/es\/?s={search_term_string}\"},\"query-input\":{\"@type\":\"PropertyValueSpecification\",\"valueRequired\":true,\"valueName\":\"search_term_string\"}}],\"inLanguage\":\"es\"},{\"@type\":\"Organization\",\"@id\":\"https:\/\/www.casa-and-co.com\/es\/#organization\",\"name\":\"Casa and Co\",\"url\":\"https:\/\/www.casa-and-co.com\/es\/\",\"logo\":{\"@type\":\"ImageObject\",\"inLanguage\":\"es\",\"@id\":\"https:\/\/www.casa-and-co.com\/es\/#\/schema\/logo\/image\/\",\"url\":\"https:\/\/www.casa-and-co.com\/wp-content\/uploads\/2019\/08\/casa-and-co-inmobiliaria-real-estate-mallorca.png\",\"contentUrl\":\"https:\/\/www.casa-and-co.com\/wp-content\/uploads\/2019\/08\/casa-and-co-inmobiliaria-real-estate-mallorca.png\",\"width\":200,\"height\":80,\"caption\":\"Casa and Co\"},\"image\":{\"@id\":\"https:\/\/www.casa-and-co.com\/es\/#\/schema\/logo\/image\/\"}},{\"@type\":\"Person\",\"@id\":\"https:\/\/www.casa-and-co.com\/es\/#\/schema\/person\/c5fae747b0d24de8e50c1e22e6df9198\",\"name\":\"Casa&amp;co\",\"image\":{\"@type\":\"ImageObject\",\"inLanguage\":\"es\",\"@id\":\"https:\/\/www.casa-and-co.com\/es\/#\/schema\/person\/image\/\",\"url\":\"https:\/\/secure.gravatar.com\/avatar\/0688c8b1b77b5a8d9d26d4a3d4206961b2b7c4123e091fa990847b9726547c18?s=96&d=mm&r=g\",\"contentUrl\":\"https:\/\/secure.gravatar.com\/avatar\/0688c8b1b77b5a8d9d26d4a3d4206961b2b7c4123e091fa990847b9726547c18?s=96&d=mm&r=g\",\"caption\":\"Casa&amp;co\"}}]}<\/script>\n<!-- \/ Yoast SEO plugin. -->","yoast_head_json":{"title":"Playas Santany\u00ed | Calas de Santany\u00ed | Casa & Co Inmobiliaria Mallorca","description":"Con m\u00e1s de 35 kil\u00f3metros de costa, las playas de santany\u00ed son algunas de las m\u00e1s hermosas de Mallorca. Te contamos cu\u00e1les.","robots":{"index":"index","follow":"follow","max-snippet":"max-snippet:-1","max-image-preview":"max-image-preview:large","max-video-preview":"max-video-preview:-1"},"canonical":"https:\/\/www.casa-and-co.com\/es\/playas-santanyi-mallorca\/","og_locale":"es_ES","og_type":"article","og_title":"Playas Santany\u00ed | Calas de Santany\u00ed | Casa & Co Inmobiliaria Mallorca","og_description":"Con m\u00e1s de 35 kil\u00f3metros de costa, las playas de santany\u00ed son algunas de las m\u00e1s hermosas de Mallorca. Te contamos cu\u00e1les.","og_url":"https:\/\/www.casa-and-co.com\/es\/playas-santanyi-mallorca\/","og_site_name":"Casa and Co","article_published_time":"2020-03-16T14:42:16+00:00","article_modified_time":"2020-03-18T15:18:10+00:00","og_image":[{"width":1200,"height":675,"url":"https:\/\/www.casa-and-co.com\/wp-content\/uploads\/2020\/01\/07P6170003.jpg","type":"image\/jpeg"}],"author":"Casa&amp;co","twitter_card":"summary_large_image","twitter_misc":{"Escrito por":"Casa&amp;co","Tiempo de lectura":"2 minutos"},"schema":{"@context":"https:\/\/schema.org","@graph":[{"@type":"Article","@id":"https:\/\/www.casa-and-co.com\/es\/playas-santanyi-mallorca\/#article","isPartOf":{"@id":"https:\/\/www.casa-and-co.com\/es\/playas-santanyi-mallorca\/"},"author":{"name":"Casa&amp;co","@id":"https:\/\/www.casa-and-co.com\/es\/#\/schema\/person\/c5fae747b0d24de8e50c1e22e6df9198"},"headline":"Las calas y playas de Santany\u00ed m\u00e1s hermosas del sureste de Mallorca","datePublished":"2020-03-16T14:42:16+00:00","dateModified":"2020-03-18T15:18:10+00:00","mainEntityOfPage":{"@id":"https:\/\/www.casa-and-co.com\/es\/playas-santanyi-mallorca\/"},"wordCount":461,"commentCount":0,"publisher":{"@id":"https:\/\/www.casa-and-co.com\/es\/#organization"},"image":{"@id":"https:\/\/www.casa-and-co.com\/es\/playas-santanyi-mallorca\/#primaryimage"},"thumbnailUrl":"https:\/\/www.casa-and-co.com\/wp-content\/uploads\/2020\/01\/07P6170003.jpg","articleSection":["Playas de Santany\u00ed"],"inLanguage":"es"},{"@type":"WebPage","@id":"https:\/\/www.casa-and-co.com\/es\/playas-santanyi-mallorca\/","url":"https:\/\/www.casa-and-co.com\/es\/playas-santanyi-mallorca\/","name":"Playas Santany\u00ed | Calas de Santany\u00ed | Casa & Co Inmobiliaria Mallorca","isPartOf":{"@id":"https:\/\/www.casa-and-co.com\/es\/#website"},"primaryImageOfPage":{"@id":"https:\/\/www.casa-and-co.com\/es\/playas-santanyi-mallorca\/#primaryimage"},"image":{"@id":"https:\/\/www.casa-and-co.com\/es\/playas-santanyi-mallorca\/#primaryimage"},"thumbnailUrl":"https:\/\/www.casa-and-co.com\/wp-content\/uploads\/2020\/01\/07P6170003.jpg","datePublished":"2020-03-16T14:42:16+00:00","dateModified":"2020-03-18T15:18:10+00:00","description":"Con m\u00e1s de 35 kil\u00f3metros de costa, las playas de santany\u00ed son algunas de las m\u00e1s hermosas de Mallorca. Te contamos cu\u00e1les.","breadcrumb":{"@id":"https:\/\/www.casa-and-co.com\/es\/playas-santanyi-mallorca\/#breadcrumb"},"inLanguage":"es","potentialAction":[{"@type":"ReadAction","target":["https:\/\/www.casa-and-co.com\/es\/playas-santanyi-mallorca\/"]}]},{"@type":"ImageObject","inLanguage":"es","@id":"https:\/\/www.casa-and-co.com\/es\/playas-santanyi-mallorca\/#primaryimage","url":"https:\/\/www.casa-and-co.com\/wp-content\/uploads\/2020\/01\/07P6170003.jpg","contentUrl":"https:\/\/www.casa-and-co.com\/wp-content\/uploads\/2020\/01\/07P6170003.jpg","width":1200,"height":675,"caption":"playas santany\u00ed"},{"@type":"BreadcrumbList","@id":"https:\/\/www.casa-and-co.com\/es\/playas-santanyi-mallorca\/#breadcrumb","itemListElement":[{"@type":"ListItem","position":1,"name":"Portada","item":"https:\/\/www.casa-and-co.com\/es\/"},{"@type":"ListItem","position":2,"name":"Las calas y playas de Santany\u00ed m\u00e1s hermosas del sureste de Mallorca"}]},{"@type":"WebSite","@id":"https:\/\/www.casa-and-co.com\/es\/#website","url":"https:\/\/www.casa-and-co.com\/es\/","name":"Casa and Co","description":"Real Estate - Santany\u00ed - Mallorca","publisher":{"@id":"https:\/\/www.casa-and-co.com\/es\/#organization"},"potentialAction":[{"@type":"SearchAction","target":{"@type":"EntryPoint","urlTemplate":"https:\/\/www.casa-and-co.com\/es\/?s={search_term_string}"},"query-input":{"@type":"PropertyValueSpecification","valueRequired":true,"valueName":"search_term_string"}}],"inLanguage":"es"},{"@type":"Organization","@id":"https:\/\/www.casa-and-co.com\/es\/#organization","name":"Casa and Co","url":"https:\/\/www.casa-and-co.com\/es\/","logo":{"@type":"ImageObject","inLanguage":"es","@id":"https:\/\/www.casa-and-co.com\/es\/#\/schema\/logo\/image\/","url":"https:\/\/www.casa-and-co.com\/wp-content\/uploads\/2019\/08\/casa-and-co-inmobiliaria-real-estate-mallorca.png","contentUrl":"https:\/\/www.casa-and-co.com\/wp-content\/uploads\/2019\/08\/casa-and-co-inmobiliaria-real-estate-mallorca.png","width":200,"height":80,"caption":"Casa and Co"},"image":{"@id":"https:\/\/www.casa-and-co.com\/es\/#\/schema\/logo\/image\/"}},{"@type":"Person","@id":"https:\/\/www.casa-and-co.com\/es\/#\/schema\/person\/c5fae747b0d24de8e50c1e22e6df9198","name":"Casa&amp;co","image":{"@type":"ImageObject","inLanguage":"es","@id":"https:\/\/www.casa-and-co.com\/es\/#\/schema\/person\/image\/","url":"https:\/\/secure.gravatar.com\/avatar\/0688c8b1b77b5a8d9d26d4a3d4206961b2b7c4123e091fa990847b9726547c18?s=96&d=mm&r=g","contentUrl":"https:\/\/secure.gravatar.com\/avatar\/0688c8b1b77b5a8d9d26d4a3d4206961b2b7c4123e091fa990847b9726547c18?s=96&d=mm&r=g","caption":"Casa&amp;co"}}]}},"_links":{"self":[{"href":"https:\/\/www.casa-and-co.com\/es\/wp-json\/wp\/v2\/posts\/24995","targetHints":{"allow":["GET"]}}],"collection":[{"href":"https:\/\/www.casa-and-co.com\/es\/wp-json\/wp\/v2\/posts"}],"about":[{"href":"https:\/\/www.casa-and-co.com\/es\/wp-json\/wp\/v2\/types\/post"}],"author":[{"embeddable":true,"href":"https:\/\/www.casa-and-co.com\/es\/wp-json\/wp\/v2\/users\/1"}],"replies":[{"embeddable":true,"href":"https:\/\/www.casa-and-co.com\/es\/wp-json\/wp\/v2\/comments?post=24995"}],"version-history":[{"count":4,"href":"https:\/\/www.casa-and-co.com\/es\/wp-json\/wp\/v2\/posts\/24995\/revisions"}],"predecessor-version":[{"id":25003,"href":"https:\/\/www.casa-and-co.com\/es\/wp-json\/wp\/v2\/posts\/24995\/revisions\/25003"}],"wp:featuredmedia":[{"embeddable":true,"href":"https:\/\/www.casa-and-co.com\/es\/wp-json\/wp\/v2\/media\/24395"}],"wp:attachment":[{"href":"https:\/\/www.casa-and-co.com\/es\/wp-json\/wp\/v2\/media?parent=24995"}],"wp:term":[{"taxonomy":"category","embeddable":true,"href":"https:\/\/www.casa-and-co.com\/es\/wp-json\/wp\/v2\/categories?post=24995"},{"taxonomy":"post_tag","embeddable":true,"href":"https:\/\/www.casa-and-co.com\/es\/wp-json\/wp\/v2\/tags?post=24995"}],"curies":[{"name":"wp","href":"https:\/\/api.w.org\/{rel}","templated":true}]}}